{"id":61,"date":"2025-03-13T21:24:02","date_gmt":"2025-03-13T21:24:02","guid":{"rendered":"https:\/\/drpoletti.com\/blog\/?p=61"},"modified":"2025-03-13T21:24:02","modified_gmt":"2025-03-13T21:24:02","slug":"cirugia-personalizada-en-protesis-de-cadera-la-alineacion-espinopelvica-y-las-protesis-de-doble-movilidad","status":"publish","type":"post","link":"https:\/\/drpoletti.com\/blog\/cirugia-personalizada-en-protesis-de-cadera-la-alineacion-espinopelvica-y-las-protesis-de-doble-movilidad\/","title":{"rendered":"Cirug\u00eda Personalizada en Pr\u00f3tesis de Cadera: La Alineaci\u00f3n Espinop\u00e9lvica y las Pr\u00f3tesis de Doble Movilidad"},"content":{"rendered":"<p><strong>Introducci\u00f3n: La Evoluci\u00f3n de la Pr\u00f3tesis de Cadera y el Desaf\u00edo de la Luxaci\u00f3n<\/strong><\/p>\n<p>La <strong>pr\u00f3tesis total de cadera (PTC)<\/strong> es uno de los avances m\u00e1s significativos en la cirug\u00eda ortop\u00e9dica moderna. Desde su desarrollo en la d\u00e9cada de 1960 por el cirujano brit\u00e1nico <strong>Sir John Charnley<\/strong>, esta intervenci\u00f3n ha transformado la vida de millones de personas al aliviar el dolor y restaurar la movilidad en pacientes con patolog\u00edas de cadera.<\/p>\n<p><img loading=\"lazy\" decoding=\"async\" class=\"alignnone wp-image-62 aligncenter\" src=\"https:\/\/drpoletti.com\/blog\/wp-content\/uploads\/2025\/03\/SP1.jpg\" alt=\"\" width=\"404\" height=\"302\" \/><\/p>\n<p style=\"text-align: center\"><strong>Artrosis de Cadera y Pr\u00f3tesis Total de Cadera<\/strong><\/p>\n<p>&nbsp;<\/p>\n<p>En Espa\u00f1a, la cirug\u00eda de reemplazo de cadera es una pr\u00e1ctica frecuente. Seg\u00fan la <strong>O<\/strong><strong>rganizaci\u00f3n para la Cooperaci\u00f3n y el Desarrollo Econ\u00f3micos (OCDE)<\/strong>, se realizan m\u00e1s de <strong>60.000 operaciones de reemplazo de cadera<\/strong> al a\u00f1o. A pesar de los avances en biomateriales y t\u00e9cnicas quir\u00fargicas, la <strong>luxaci\u00f3n de la pr\u00f3tesis<\/strong> sigue siendo una de las complicaciones m\u00e1s comunes y temidas. Se estima que entre un <strong>1% y un 3%<\/strong> de las pr\u00f3tesis primarias y hasta un <strong>10%<\/strong> de las cirug\u00edas de revisi\u00f3n presentan episodios de luxaci\u00f3n.<\/p>\n<p><img loading=\"lazy\" decoding=\"async\" class=\" wp-image-63 aligncenter\" src=\"https:\/\/drpoletti.com\/blog\/wp-content\/uploads\/2025\/03\/SP2-300x211.jpg\" alt=\"\" width=\"396\" height=\"278\" srcset=\"https:\/\/drpoletti.com\/blog\/wp-content\/uploads\/2025\/03\/SP2-300x211.jpg 300w, https:\/\/drpoletti.com\/blog\/wp-content\/uploads\/2025\/03\/SP2.jpg 756w\" sizes=\"auto, (max-width: 396px) 100vw, 396px\" \/><\/p>\n<p style=\"text-align: center\"><strong>Pr\u00f3tesis de Cadera Luxada<\/strong><\/p>\n<p>\u00bfPor qu\u00e9 sigue ocurriendo la luxaci\u00f3n? La respuesta est\u00e1 en un <strong>factor biomec\u00e1nico clave que debe analizarse en cada paciente<\/strong>: <strong>la alineaci\u00f3n espinop\u00e9lvica y su impacto en la estabilidad de la pr\u00f3tesis<\/strong>.<\/p>\n<p>Cada paciente es \u00fanico, y su columna, pelvis y cadera interact\u00faan de forma diferente seg\u00fan su postura y movilidad. Por eso, para que la cirug\u00eda de pr\u00f3tesis de cadera sea un \u00e9xito, es fundamental <strong>realizar un an\u00e1lisis espinop\u00e9lvico individualizado<\/strong> antes de la intervenci\u00f3n.<\/p>\n<p><img loading=\"lazy\" decoding=\"async\" class=\"size-medium wp-image-64 aligncenter\" src=\"https:\/\/drpoletti.com\/blog\/wp-content\/uploads\/2025\/03\/SP3-265x300.png\" alt=\"\" width=\"265\" height=\"300\" srcset=\"https:\/\/drpoletti.com\/blog\/wp-content\/uploads\/2025\/03\/SP3-265x300.png 265w, https:\/\/drpoletti.com\/blog\/wp-content\/uploads\/2025\/03\/SP3.png 522w\" sizes=\"auto, (max-width: 265px) 100vw, 265px\" \/><\/p>\n<p style=\"text-align: center\"><strong>Par\u00e1metros Espinop\u00e9lvicos\u00a0<\/strong><\/p>\n<p><strong>\u00bfC\u00f3mo se Eval\u00faa la Alineaci\u00f3n Espinop\u00e9lvica en el Hospital?<\/strong><\/p>\n<p>El an\u00e1lisis de la <strong>alineaci\u00f3n espinop\u00e9lvica<\/strong> es un estudio detallado que permite evaluar c\u00f3mo interact\u00faan la columna, la pelvis y la cadera en diferentes posiciones. En el hospital, este an\u00e1lisis se lleva a cabo mediante <strong>radiograf\u00edas especializadas y estudios de movilidad postural<\/strong>.<\/p>\n<p>&nbsp;<\/p>\n<ol>\n<li><strong> Radiograf\u00edas en Diferentes Posturas<\/strong><\/li>\n<\/ol>\n<p>Para evaluar la movilidad de la pelvis y su relaci\u00f3n con la cadera, se realizan <strong>tres tipos de radiograf\u00edas<\/strong>:<\/p>\n<p>\ud83d\udccc <strong>Radiograf\u00eda de pelvis en bipedestaci\u00f3n (de pie)<\/strong><\/p>\n<ul>\n<li>Permite evaluar la alineaci\u00f3n espinop\u00e9lvica en carga.<\/li>\n<li>Se observa la inclinaci\u00f3n natural de la pelvis en posici\u00f3n erguida.<\/li>\n<\/ul>\n<p>\ud83d\udccc <strong>Radiograf\u00eda de pelvis en sedestaci\u00f3n (sentado en un \u00e1ngulo de 90\u00b0)<\/strong><\/p>\n<ul>\n<li>Permite analizar c\u00f3mo se adapta la pelvis cuando el paciente est\u00e1 sentado.<\/li>\n<li>Eval\u00faa la retroversi\u00f3n p\u00e9lvica y su efecto sobre la orientaci\u00f3n del acet\u00e1bulo.<\/li>\n<\/ul>\n<p>\ud83d\udccc <strong>Radiograf\u00eda de la columna lumbar en carga y en flexi\u00f3n<\/strong><\/p>\n<ul>\n<li>Permite analizar la movilidad de la columna y su impacto en la pelvis.<\/li>\n<li>Es fundamental en pacientes con patolog\u00eda lumbar o fusiones vertebrales previas.<\/li>\n<\/ul>\n<p><img loading=\"lazy\" decoding=\"async\" class=\" wp-image-65 aligncenter\" src=\"https:\/\/drpoletti.com\/blog\/wp-content\/uploads\/2025\/03\/SP4-300x247.jpg\" alt=\"\" width=\"404\" height=\"333\" srcset=\"https:\/\/drpoletti.com\/blog\/wp-content\/uploads\/2025\/03\/SP4-300x247.jpg 300w, https:\/\/drpoletti.com\/blog\/wp-content\/uploads\/2025\/03\/SP4.jpg 365w\" sizes=\"auto, (max-width: 404px) 100vw, 404px\" \/><\/p>\n<p style=\"text-align: center\"><strong>An\u00e1lisis en Bipedestaci\u00f3n B- An\u00e1lisis en Posici\u00f3n Sentada<\/strong><\/p>\n<p>&nbsp;<\/p>\n<ol start=\"2\">\n<li><strong> An\u00e1lisis del Balance Sagital<\/strong><\/li>\n<\/ol>\n<p>El <strong>balance sagital<\/strong> es el equilibrio postural del cuerpo en el plano lateral y es fundamental en la cirug\u00eda de reemplazo de cadera. Un paciente con un balance sagital alterado (por ejemplo, por <strong>cifosis lumbar severa<\/strong>) puede requerir ajustes espec\u00edficos en la posici\u00f3n de la pr\u00f3tesis.<\/p>\n<ol start=\"3\">\n<li><strong> Clasificaci\u00f3n del Tipo de Paciente Seg\u00fan Movilidad P\u00e9lvica<\/strong><\/li>\n<\/ol>\n<p>Con los resultados de las radiograf\u00edas, se puede clasificar a los pacientes en <strong>tres grandes grupos<\/strong>, lo que permite ajustar la cirug\u00eda de manera personalizada:<\/p>\n<p>1\ufe0f <strong>Pacientes con pelvis flexible<\/strong><\/p>\n<ul>\n<li>Se adaptan bien a los cambios posturales.<\/li>\n<li>Riesgo bajo de luxaci\u00f3n si la pr\u00f3tesis se posiciona correctamente.<\/li>\n<\/ul>\n<p>2\ufe0f <strong>Pacientes con pelvis r\u00edgida<\/strong><\/p>\n<ul>\n<li>La movilidad de la pelvis es limitada.<\/li>\n<li>Puede generar inestabilidad si no se ajusta correctamente la orientaci\u00f3n del implante.<\/li>\n<\/ul>\n<p>3\ufe0f <strong>Pacientes con hipermovilidad p\u00e9lvica<\/strong><\/p>\n<ul>\n<li>Tienen cambios excesivos en la inclinaci\u00f3n de la pelvis al sentarse y levantarse.<\/li>\n<li>Necesitan una planificaci\u00f3n quir\u00fargica precisa para evitar luxaciones.<\/li>\n<\/ul>\n<p>&nbsp;<\/p>\n<ol start=\"4\">\n<li><strong> Planificaci\u00f3n Quir\u00fargica Personalizada<\/strong><\/li>\n<\/ol>\n<p>Con toda esta informaci\u00f3n, el cirujano puede <strong>ajustar el posicionamiento del implante<\/strong> para adaptarlo a la biomec\u00e1nica espec\u00edfica del paciente.<\/p>\n<p>Esto implica:<\/p>\n<p>\u2714 Ajustar la <strong>inclinaci\u00f3n del acet\u00e1bulo<\/strong> para maximizar la estabilidad de la pr\u00f3tesis.<br \/>\n\u2714 Determinar el <strong>tipo de implante adecuado<\/strong> (convencional o de doble movilidad).<br \/>\n\u2714 Prever <strong>posibles complicaciones<\/strong> en pacientes con alteraciones espinop\u00e9lvicas severas.<\/p>\n<p>El an\u00e1lisis espinop\u00e9lvico individualizado es <strong>clave para personalizar la cirug\u00eda y minimizar el riesgo de luxaci\u00f3n<\/strong>.<\/p>\n<p><img loading=\"lazy\" decoding=\"async\" class=\" wp-image-66 aligncenter\" src=\"https:\/\/drpoletti.com\/blog\/wp-content\/uploads\/2025\/03\/SP5.png\" alt=\"\" width=\"382\" height=\"335\" \/><\/p>\n<p style=\"text-align: center\"><strong>Planificaci\u00f3n operatoria personalizada<\/strong><\/p>\n<p>&nbsp;<\/p>\n<p><strong>Pr\u00f3tesis de Doble Movilidad: Mejorando la Estabilidad y el Rango de Movimiento<\/strong><\/p>\n<p>Adem\u00e1s del an\u00e1lisis espinop\u00e9lvico, una de las mejores soluciones para reducir la luxaci\u00f3n en pacientes de alto riesgo es el uso de <strong>pr\u00f3tesis de doble movilidad<\/strong>.<\/p>\n<p><strong>\ud83d\udd2c \u00bfQu\u00e9 es una Pr\u00f3tesis de Doble Movilidad?<\/strong><\/p>\n<p>Introducida en los a\u00f1os 70 por el cirujano franc\u00e9s <strong>Gilles Bousquet<\/strong>, la pr\u00f3tesis de doble movilidad incorpora un <strong>doble mecanismo de articulaci\u00f3n<\/strong>:<\/p>\n<p>\u2714 <strong>Una primera articulaci\u00f3n entre la cabeza femoral y un inserto m\u00f3vil.<\/strong><br \/>\n\u2714 <strong>Una segunda articulaci\u00f3n entre el inserto y el acet\u00e1bulo.<\/strong><\/p>\n<p>&nbsp;<\/p>\n<p><img loading=\"lazy\" decoding=\"async\" class=\"alignnone wp-image-67 aligncenter\" src=\"https:\/\/drpoletti.com\/blog\/wp-content\/uploads\/2025\/03\/SP6-300x117.jpg\" alt=\"\" width=\"508\" height=\"198\" srcset=\"https:\/\/drpoletti.com\/blog\/wp-content\/uploads\/2025\/03\/SP6-300x117.jpg 300w, https:\/\/drpoletti.com\/blog\/wp-content\/uploads\/2025\/03\/SP6-768x300.jpg 768w, https:\/\/drpoletti.com\/blog\/wp-content\/uploads\/2025\/03\/SP6.jpg 986w\" sizes=\"auto, (max-width: 508px) 100vw, 508px\" \/><\/p>\n<p style=\"text-align: center\"><strong>Pr\u00f3tesis de Cadera Standard B- Pr\u00f3tesis de Cadera de Doble Movilidad <\/strong><\/p>\n<p>&nbsp;<\/p>\n<p>Comparado con las pr\u00f3tesis de dise\u00f1o tradicional este dise\u00f1o permite:<\/p>\n<p>\ud83d\udd39 <strong>Menor riesgo de luxaci\u00f3n:<\/strong> La cabeza prot\u00e9sica se mantiene mejor posicionada dentro del acet\u00e1bulo.<br \/>\n\ud83d\udd39 <strong>Mayor rango de movimiento:<\/strong> Facilita actividades diarias como agacharse y cruzar las piernas.<br \/>\n\ud83d\udd39 <strong>Mejor adaptaci\u00f3n en pacientes con alteraciones espinop\u00e9lvicas:<\/strong> Especialmente \u00fatil en personas con patolog\u00eda lumbar o fusiones vertebrales.<\/p>\n<p>Estudios han demostrado que la pr\u00f3tesis de doble movilidad <strong>reduce hasta en un 80% el riesgo de luxaci\u00f3n<\/strong> en comparaci\u00f3n con las pr\u00f3tesis convencionales.<\/p>\n<p>&nbsp;<\/p>\n<p><strong>Conclusi\u00f3n: Hacia una Cirug\u00eda de Cadera Personalizada<\/strong><\/p>\n<p>La cirug\u00eda de pr\u00f3tesis de cadera no puede ser un procedimiento <strong>estandarizado<\/strong> para todos los pacientes. Cada persona tiene <strong>una anatom\u00eda \u00fanica y una biomec\u00e1nica particular<\/strong>, por lo que el \u00e9xito de la cirug\u00eda <strong>depende de un an\u00e1lisis espinop\u00e9lvico detallado y una planificaci\u00f3n quir\u00fargica personalizada<\/strong>.<\/p>\n<p>\u2714 <strong>Un estudio preoperatorio adecuado permite ajustar la pr\u00f3tesis a las necesidades individuales de cada paciente.<\/strong><br \/>\n\u2714 <strong>El uso de pr\u00f3tesis de doble movilidad ha demostrado ser una estrategia eficaz para mejorar la estabilidad y reducir la luxaci\u00f3n.<\/strong><br \/>\n\u2714 <strong>La cirug\u00eda personalizada es la clave para optimizar los resultados funcionales y mejorar la calidad de vida.<\/strong><\/p>\n<p>Si est\u00e1s considerando una cirug\u00eda de pr\u00f3tesis de cadera, aseg\u00farate de que tu cirujano realice un <strong>an\u00e1lisis espinop\u00e9lvico detallado<\/strong> para personalizar el procedimiento y garantizar el mejor resultado posible.<\/p>\n<p>\ud83d\udce9 <strong>\u00bfTienes dudas sobre tu cirug\u00eda? Cont\u00e1ctame y te ayudar\u00e9 a encontrar la mejor soluci\u00f3n para tu cadera.<\/strong><\/p>\n","protected":false},"excerpt":{"rendered":"<p>Introducci\u00f3n: La Evoluci\u00f3n de la Pr\u00f3tesis de Cadera y el Desaf\u00edo de la Luxaci\u00f3n La pr\u00f3tesis total de cadera (PTC) es uno de los avances m\u00e1s significativos en la cirug\u00eda ortop\u00e9dica moderna. Desde su desarrollo en la d\u00e9cada de 1960 por el cirujano brit\u00e1nico Sir John Charnley, esta intervenci\u00f3n ha transformado la vida de millones [&hellip;]<\/p>\n","protected":false},"author":2,"featured_media":0,"comment_status":"open","ping_status":"open","sticky":false,"template":"","format":"standard","meta":{"footnotes":""},"categories":[1],"tags":[],"class_list":["post-61","post","type-post","status-publish","format-standard","hentry","category-uncategorized"],"yoast_head":"<!-- This site is optimized with the Yoast SEO plugin v27.3 - https:\/\/yoast.com\/product\/yoast-seo-wordpress\/ -->\n<title>Cirug\u00eda Personalizada en Pr\u00f3tesis de Cadera: La Alineaci\u00f3n Espinop\u00e9lvica y las Pr\u00f3tesis de Doble Movilidad - Dr. Fabi\u00e1n Poletti<\/title>\n<meta name=\"robots\" content=\"index, follow, max-snippet:-1, max-image-preview:large, max-video-preview:-1\" \/>\n<link rel=\"canonical\" href=\"https:\/\/drpoletti.com\/blog\/cirugia-personalizada-en-protesis-de-cadera-la-alineacion-espinopelvica-y-las-protesis-de-doble-movilidad\/\" \/>\n<meta property=\"og:locale\" content=\"en_US\" \/>\n<meta property=\"og:type\" content=\"article\" \/>\n<meta property=\"og:title\" content=\"Cirug\u00eda Personalizada en Pr\u00f3tesis de Cadera: La Alineaci\u00f3n Espinop\u00e9lvica y las Pr\u00f3tesis de Doble Movilidad - Dr. Fabi\u00e1n Poletti\" \/>\n<meta property=\"og:description\" content=\"Introducci\u00f3n: La Evoluci\u00f3n de la Pr\u00f3tesis de Cadera y el Desaf\u00edo de la Luxaci\u00f3n La pr\u00f3tesis total de cadera (PTC) es uno de los avances m\u00e1s significativos en la cirug\u00eda ortop\u00e9dica moderna. Desde su desarrollo en la d\u00e9cada de 1960 por el cirujano brit\u00e1nico Sir John Charnley, esta intervenci\u00f3n ha transformado la vida de millones [&hellip;]\" \/>\n<meta property=\"og:url\" content=\"https:\/\/drpoletti.com\/blog\/cirugia-personalizada-en-protesis-de-cadera-la-alineacion-espinopelvica-y-las-protesis-de-doble-movilidad\/\" \/>\n<meta property=\"og:site_name\" content=\"Dr. Fabi\u00e1n Poletti\" \/>\n<meta property=\"article:published_time\" content=\"2025-03-13T21:24:02+00:00\" \/>\n<meta property=\"og:image\" content=\"https:\/\/drpoletti.com\/blog\/wp-content\/uploads\/2025\/03\/SP1.jpg\" \/>\n<meta name=\"author\" content=\"Fabi\u00e1n Poletti\" \/>\n<meta name=\"twitter:card\" content=\"summary_large_image\" \/>\n<meta name=\"twitter:label1\" content=\"Written by\" \/>\n\t<meta name=\"twitter:data1\" content=\"Fabi\u00e1n Poletti\" \/>\n\t<meta name=\"twitter:label2\" content=\"Est. reading time\" \/>\n\t<meta name=\"twitter:data2\" content=\"6 minutes\" \/>\n<script type=\"application\/ld+json\" class=\"yoast-schema-graph\">{\"@context\":\"https:\\\/\\\/schema.org\",\"@graph\":[{\"@type\":\"Article\",\"@id\":\"https:\\\/\\\/drpoletti.com\\\/blog\\\/cirugia-personalizada-en-protesis-de-cadera-la-alineacion-espinopelvica-y-las-protesis-de-doble-movilidad\\\/#article\",\"isPartOf\":{\"@id\":\"https:\\\/\\\/drpoletti.com\\\/blog\\\/cirugia-personalizada-en-protesis-de-cadera-la-alineacion-espinopelvica-y-las-protesis-de-doble-movilidad\\\/\"},\"author\":{\"name\":\"Fabi\u00e1n Poletti\",\"@id\":\"https:\\\/\\\/drpoletti.com\\\/blog\\\/#\\\/schema\\\/person\\\/2dfb7bbc7f87d6bf6a52ed6acc3188b5\"},\"headline\":\"Cirug\u00eda Personalizada en Pr\u00f3tesis de Cadera: La Alineaci\u00f3n Espinop\u00e9lvica y las Pr\u00f3tesis de Doble Movilidad\",\"datePublished\":\"2025-03-13T21:24:02+00:00\",\"mainEntityOfPage\":{\"@id\":\"https:\\\/\\\/drpoletti.com\\\/blog\\\/cirugia-personalizada-en-protesis-de-cadera-la-alineacion-espinopelvica-y-las-protesis-de-doble-movilidad\\\/\"},\"wordCount\":1166,\"commentCount\":0,\"image\":{\"@id\":\"https:\\\/\\\/drpoletti.com\\\/blog\\\/cirugia-personalizada-en-protesis-de-cadera-la-alineacion-espinopelvica-y-las-protesis-de-doble-movilidad\\\/#primaryimage\"},\"thumbnailUrl\":\"https:\\\/\\\/drpoletti.com\\\/blog\\\/wp-content\\\/uploads\\\/2025\\\/03\\\/SP1.jpg\",\"inLanguage\":\"en-US\",\"potentialAction\":[{\"@type\":\"CommentAction\",\"name\":\"Comment\",\"target\":[\"https:\\\/\\\/drpoletti.com\\\/blog\\\/cirugia-personalizada-en-protesis-de-cadera-la-alineacion-espinopelvica-y-las-protesis-de-doble-movilidad\\\/#respond\"]}]},{\"@type\":\"WebPage\",\"@id\":\"https:\\\/\\\/drpoletti.com\\\/blog\\\/cirugia-personalizada-en-protesis-de-cadera-la-alineacion-espinopelvica-y-las-protesis-de-doble-movilidad\\\/\",\"url\":\"https:\\\/\\\/drpoletti.com\\\/blog\\\/cirugia-personalizada-en-protesis-de-cadera-la-alineacion-espinopelvica-y-las-protesis-de-doble-movilidad\\\/\",\"name\":\"Cirug\u00eda Personalizada en Pr\u00f3tesis de Cadera: La Alineaci\u00f3n Espinop\u00e9lvica y las Pr\u00f3tesis de Doble Movilidad - Dr. Fabi\u00e1n Poletti\",\"isPartOf\":{\"@id\":\"https:\\\/\\\/drpoletti.com\\\/blog\\\/#website\"},\"primaryImageOfPage\":{\"@id\":\"https:\\\/\\\/drpoletti.com\\\/blog\\\/cirugia-personalizada-en-protesis-de-cadera-la-alineacion-espinopelvica-y-las-protesis-de-doble-movilidad\\\/#primaryimage\"},\"image\":{\"@id\":\"https:\\\/\\\/drpoletti.com\\\/blog\\\/cirugia-personalizada-en-protesis-de-cadera-la-alineacion-espinopelvica-y-las-protesis-de-doble-movilidad\\\/#primaryimage\"},\"thumbnailUrl\":\"https:\\\/\\\/drpoletti.com\\\/blog\\\/wp-content\\\/uploads\\\/2025\\\/03\\\/SP1.jpg\",\"datePublished\":\"2025-03-13T21:24:02+00:00\",\"author\":{\"@id\":\"https:\\\/\\\/drpoletti.com\\\/blog\\\/#\\\/schema\\\/person\\\/2dfb7bbc7f87d6bf6a52ed6acc3188b5\"},\"breadcrumb\":{\"@id\":\"https:\\\/\\\/drpoletti.com\\\/blog\\\/cirugia-personalizada-en-protesis-de-cadera-la-alineacion-espinopelvica-y-las-protesis-de-doble-movilidad\\\/#breadcrumb\"},\"inLanguage\":\"en-US\",\"potentialAction\":[{\"@type\":\"ReadAction\",\"target\":[\"https:\\\/\\\/drpoletti.com\\\/blog\\\/cirugia-personalizada-en-protesis-de-cadera-la-alineacion-espinopelvica-y-las-protesis-de-doble-movilidad\\\/\"]}]},{\"@type\":\"ImageObject\",\"inLanguage\":\"en-US\",\"@id\":\"https:\\\/\\\/drpoletti.com\\\/blog\\\/cirugia-personalizada-en-protesis-de-cadera-la-alineacion-espinopelvica-y-las-protesis-de-doble-movilidad\\\/#primaryimage\",\"url\":\"https:\\\/\\\/drpoletti.com\\\/blog\\\/wp-content\\\/uploads\\\/2025\\\/03\\\/SP1.jpg\",\"contentUrl\":\"https:\\\/\\\/drpoletti.com\\\/blog\\\/wp-content\\\/uploads\\\/2025\\\/03\\\/SP1.jpg\",\"width\":245,\"height\":183},{\"@type\":\"BreadcrumbList\",\"@id\":\"https:\\\/\\\/drpoletti.com\\\/blog\\\/cirugia-personalizada-en-protesis-de-cadera-la-alineacion-espinopelvica-y-las-protesis-de-doble-movilidad\\\/#breadcrumb\",\"itemListElement\":[{\"@type\":\"ListItem\",\"position\":1,\"name\":\"Home\",\"item\":\"https:\\\/\\\/drpoletti.com\\\/blog\\\/\"},{\"@type\":\"ListItem\",\"position\":2,\"name\":\"Cirug\u00eda Personalizada en Pr\u00f3tesis de Cadera: La Alineaci\u00f3n Espinop\u00e9lvica y las Pr\u00f3tesis de Doble Movilidad\"}]},{\"@type\":\"WebSite\",\"@id\":\"https:\\\/\\\/drpoletti.com\\\/blog\\\/#website\",\"url\":\"https:\\\/\\\/drpoletti.com\\\/blog\\\/\",\"name\":\"Dr. Fabi\u00e1n Poletti\",\"description\":\"\",\"potentialAction\":[{\"@type\":\"SearchAction\",\"target\":{\"@type\":\"EntryPoint\",\"urlTemplate\":\"https:\\\/\\\/drpoletti.com\\\/blog\\\/?s={search_term_string}\"},\"query-input\":{\"@type\":\"PropertyValueSpecification\",\"valueRequired\":true,\"valueName\":\"search_term_string\"}}],\"inLanguage\":\"en-US\"},{\"@type\":\"Person\",\"@id\":\"https:\\\/\\\/drpoletti.com\\\/blog\\\/#\\\/schema\\\/person\\\/2dfb7bbc7f87d6bf6a52ed6acc3188b5\",\"name\":\"Fabi\u00e1n Poletti\",\"image\":{\"@type\":\"ImageObject\",\"inLanguage\":\"en-US\",\"@id\":\"https:\\\/\\\/secure.gravatar.com\\\/avatar\\\/bd1860bc0c0e25765435c19d8984b615e50c807ed6f4ba89c8942cdccae9e317?s=96&d=mm&r=g\",\"url\":\"https:\\\/\\\/secure.gravatar.com\\\/avatar\\\/bd1860bc0c0e25765435c19d8984b615e50c807ed6f4ba89c8942cdccae9e317?s=96&d=mm&r=g\",\"contentUrl\":\"https:\\\/\\\/secure.gravatar.com\\\/avatar\\\/bd1860bc0c0e25765435c19d8984b615e50c807ed6f4ba89c8942cdccae9e317?s=96&d=mm&r=g\",\"caption\":\"Fabi\u00e1n Poletti\"},\"url\":\"https:\\\/\\\/drpoletti.com\\\/blog\\\/author\\\/dr_fabipoletti\\\/\"}]}<\/script>\n<!-- \/ Yoast SEO plugin. -->","yoast_head_json":{"title":"Cirug\u00eda Personalizada en Pr\u00f3tesis de Cadera: La Alineaci\u00f3n Espinop\u00e9lvica y las Pr\u00f3tesis de Doble Movilidad - Dr. Fabi\u00e1n Poletti","robots":{"index":"index","follow":"follow","max-snippet":"max-snippet:-1","max-image-preview":"max-image-preview:large","max-video-preview":"max-video-preview:-1"},"canonical":"https:\/\/drpoletti.com\/blog\/cirugia-personalizada-en-protesis-de-cadera-la-alineacion-espinopelvica-y-las-protesis-de-doble-movilidad\/","og_locale":"en_US","og_type":"article","og_title":"Cirug\u00eda Personalizada en Pr\u00f3tesis de Cadera: La Alineaci\u00f3n Espinop\u00e9lvica y las Pr\u00f3tesis de Doble Movilidad - Dr. Fabi\u00e1n Poletti","og_description":"Introducci\u00f3n: La Evoluci\u00f3n de la Pr\u00f3tesis de Cadera y el Desaf\u00edo de la Luxaci\u00f3n La pr\u00f3tesis total de cadera (PTC) es uno de los avances m\u00e1s significativos en la cirug\u00eda ortop\u00e9dica moderna. Desde su desarrollo en la d\u00e9cada de 1960 por el cirujano brit\u00e1nico Sir John Charnley, esta intervenci\u00f3n ha transformado la vida de millones [&hellip;]","og_url":"https:\/\/drpoletti.com\/blog\/cirugia-personalizada-en-protesis-de-cadera-la-alineacion-espinopelvica-y-las-protesis-de-doble-movilidad\/","og_site_name":"Dr. Fabi\u00e1n Poletti","article_published_time":"2025-03-13T21:24:02+00:00","og_image":[{"url":"https:\/\/drpoletti.com\/blog\/wp-content\/uploads\/2025\/03\/SP1.jpg","type":"","width":"","height":""}],"author":"Fabi\u00e1n Poletti","twitter_card":"summary_large_image","twitter_misc":{"Written by":"Fabi\u00e1n Poletti","Est. reading time":"6 minutes"},"schema":{"@context":"https:\/\/schema.org","@graph":[{"@type":"Article","@id":"https:\/\/drpoletti.com\/blog\/cirugia-personalizada-en-protesis-de-cadera-la-alineacion-espinopelvica-y-las-protesis-de-doble-movilidad\/#article","isPartOf":{"@id":"https:\/\/drpoletti.com\/blog\/cirugia-personalizada-en-protesis-de-cadera-la-alineacion-espinopelvica-y-las-protesis-de-doble-movilidad\/"},"author":{"name":"Fabi\u00e1n Poletti","@id":"https:\/\/drpoletti.com\/blog\/#\/schema\/person\/2dfb7bbc7f87d6bf6a52ed6acc3188b5"},"headline":"Cirug\u00eda Personalizada en Pr\u00f3tesis de Cadera: La Alineaci\u00f3n Espinop\u00e9lvica y las Pr\u00f3tesis de Doble Movilidad","datePublished":"2025-03-13T21:24:02+00:00","mainEntityOfPage":{"@id":"https:\/\/drpoletti.com\/blog\/cirugia-personalizada-en-protesis-de-cadera-la-alineacion-espinopelvica-y-las-protesis-de-doble-movilidad\/"},"wordCount":1166,"commentCount":0,"image":{"@id":"https:\/\/drpoletti.com\/blog\/cirugia-personalizada-en-protesis-de-cadera-la-alineacion-espinopelvica-y-las-protesis-de-doble-movilidad\/#primaryimage"},"thumbnailUrl":"https:\/\/drpoletti.com\/blog\/wp-content\/uploads\/2025\/03\/SP1.jpg","inLanguage":"en-US","potentialAction":[{"@type":"CommentAction","name":"Comment","target":["https:\/\/drpoletti.com\/blog\/cirugia-personalizada-en-protesis-de-cadera-la-alineacion-espinopelvica-y-las-protesis-de-doble-movilidad\/#respond"]}]},{"@type":"WebPage","@id":"https:\/\/drpoletti.com\/blog\/cirugia-personalizada-en-protesis-de-cadera-la-alineacion-espinopelvica-y-las-protesis-de-doble-movilidad\/","url":"https:\/\/drpoletti.com\/blog\/cirugia-personalizada-en-protesis-de-cadera-la-alineacion-espinopelvica-y-las-protesis-de-doble-movilidad\/","name":"Cirug\u00eda Personalizada en Pr\u00f3tesis de Cadera: La Alineaci\u00f3n Espinop\u00e9lvica y las Pr\u00f3tesis de Doble Movilidad - Dr. Fabi\u00e1n Poletti","isPartOf":{"@id":"https:\/\/drpoletti.com\/blog\/#website"},"primaryImageOfPage":{"@id":"https:\/\/drpoletti.com\/blog\/cirugia-personalizada-en-protesis-de-cadera-la-alineacion-espinopelvica-y-las-protesis-de-doble-movilidad\/#primaryimage"},"image":{"@id":"https:\/\/drpoletti.com\/blog\/cirugia-personalizada-en-protesis-de-cadera-la-alineacion-espinopelvica-y-las-protesis-de-doble-movilidad\/#primaryimage"},"thumbnailUrl":"https:\/\/drpoletti.com\/blog\/wp-content\/uploads\/2025\/03\/SP1.jpg","datePublished":"2025-03-13T21:24:02+00:00","author":{"@id":"https:\/\/drpoletti.com\/blog\/#\/schema\/person\/2dfb7bbc7f87d6bf6a52ed6acc3188b5"},"breadcrumb":{"@id":"https:\/\/drpoletti.com\/blog\/cirugia-personalizada-en-protesis-de-cadera-la-alineacion-espinopelvica-y-las-protesis-de-doble-movilidad\/#breadcrumb"},"inLanguage":"en-US","potentialAction":[{"@type":"ReadAction","target":["https:\/\/drpoletti.com\/blog\/cirugia-personalizada-en-protesis-de-cadera-la-alineacion-espinopelvica-y-las-protesis-de-doble-movilidad\/"]}]},{"@type":"ImageObject","inLanguage":"en-US","@id":"https:\/\/drpoletti.com\/blog\/cirugia-personalizada-en-protesis-de-cadera-la-alineacion-espinopelvica-y-las-protesis-de-doble-movilidad\/#primaryimage","url":"https:\/\/drpoletti.com\/blog\/wp-content\/uploads\/2025\/03\/SP1.jpg","contentUrl":"https:\/\/drpoletti.com\/blog\/wp-content\/uploads\/2025\/03\/SP1.jpg","width":245,"height":183},{"@type":"BreadcrumbList","@id":"https:\/\/drpoletti.com\/blog\/cirugia-personalizada-en-protesis-de-cadera-la-alineacion-espinopelvica-y-las-protesis-de-doble-movilidad\/#breadcrumb","itemListElement":[{"@type":"ListItem","position":1,"name":"Home","item":"https:\/\/drpoletti.com\/blog\/"},{"@type":"ListItem","position":2,"name":"Cirug\u00eda Personalizada en Pr\u00f3tesis de Cadera: La Alineaci\u00f3n Espinop\u00e9lvica y las Pr\u00f3tesis de Doble Movilidad"}]},{"@type":"WebSite","@id":"https:\/\/drpoletti.com\/blog\/#website","url":"https:\/\/drpoletti.com\/blog\/","name":"Dr. Fabi\u00e1n Poletti","description":"","potentialAction":[{"@type":"SearchAction","target":{"@type":"EntryPoint","urlTemplate":"https:\/\/drpoletti.com\/blog\/?s={search_term_string}"},"query-input":{"@type":"PropertyValueSpecification","valueRequired":true,"valueName":"search_term_string"}}],"inLanguage":"en-US"},{"@type":"Person","@id":"https:\/\/drpoletti.com\/blog\/#\/schema\/person\/2dfb7bbc7f87d6bf6a52ed6acc3188b5","name":"Fabi\u00e1n Poletti","image":{"@type":"ImageObject","inLanguage":"en-US","@id":"https:\/\/secure.gravatar.com\/avatar\/bd1860bc0c0e25765435c19d8984b615e50c807ed6f4ba89c8942cdccae9e317?s=96&d=mm&r=g","url":"https:\/\/secure.gravatar.com\/avatar\/bd1860bc0c0e25765435c19d8984b615e50c807ed6f4ba89c8942cdccae9e317?s=96&d=mm&r=g","contentUrl":"https:\/\/secure.gravatar.com\/avatar\/bd1860bc0c0e25765435c19d8984b615e50c807ed6f4ba89c8942cdccae9e317?s=96&d=mm&r=g","caption":"Fabi\u00e1n Poletti"},"url":"https:\/\/drpoletti.com\/blog\/author\/dr_fabipoletti\/"}]}},"_links":{"self":[{"href":"https:\/\/drpoletti.com\/blog\/wp-json\/wp\/v2\/posts\/61","targetHints":{"allow":["GET"]}}],"collection":[{"href":"https:\/\/drpoletti.com\/blog\/wp-json\/wp\/v2\/posts"}],"about":[{"href":"https:\/\/drpoletti.com\/blog\/wp-json\/wp\/v2\/types\/post"}],"author":[{"embeddable":true,"href":"https:\/\/drpoletti.com\/blog\/wp-json\/wp\/v2\/users\/2"}],"replies":[{"embeddable":true,"href":"https:\/\/drpoletti.com\/blog\/wp-json\/wp\/v2\/comments?post=61"}],"version-history":[{"count":4,"href":"https:\/\/drpoletti.com\/blog\/wp-json\/wp\/v2\/posts\/61\/revisions"}],"predecessor-version":[{"id":71,"href":"https:\/\/drpoletti.com\/blog\/wp-json\/wp\/v2\/posts\/61\/revisions\/71"}],"wp:attachment":[{"href":"https:\/\/drpoletti.com\/blog\/wp-json\/wp\/v2\/media?parent=61"}],"wp:term":[{"taxonomy":"category","embeddable":true,"href":"https:\/\/drpoletti.com\/blog\/wp-json\/wp\/v2\/categories?post=61"},{"taxonomy":"post_tag","embeddable":true,"href":"https:\/\/drpoletti.com\/blog\/wp-json\/wp\/v2\/tags?post=61"}],"curies":[{"name":"wp","href":"https:\/\/api.w.org\/{rel}","templated":true}]}}